{"id":23029,"date":"2023-02-16T14:34:21","date_gmt":"2023-02-16T14:34:21","guid":{"rendered":"https:\/\/escuderiasierramorena.es\/?p=23029"},"modified":"2023-02-16T14:34:21","modified_gmt":"2023-02-16T14:34:21","slug":"juan-jesus-coca-y-luisa-benitez-comienzan-la-temporada-ganando-y-liderando-la-copa-faa","status":"publish","type":"post","link":"https:\/\/escuderiasierramorena.es\/?p=23029","title":{"rendered":"Juan Jes\u00fas Coca y Luisa Ben\u00edtez comienzan la temporada ganando y liderando la Copa FAA"},"content":{"rendered":"<h4 style=\"text-align: center\">La dupla de Escuder\u00eda Sierra Morena consigui\u00f3 imponerse entre los participantes del trofeo regional y finalizar en sexta posici\u00f3n de la General el IX Rallye Valle de Almanzora<\/h4>\n<p>&nbsp;<\/p>\n<p>El IX Rallye Valle del Almazora-Filabres abri\u00f3 el pasado fin de semana un nuevo cap\u00edtulo del Campeonato de Andaluc\u00eda de Rallyes de Asfalto (CARA). Hasta all\u00ed se desplazaron nuestros escuderos Juan Jes\u00fas Coca y Luisa Ben\u00edtez que, a lomos de su ya habitual Audi A1 N3, afrontaban el inicio de una nueva edici\u00f3n del certamen regional y la Copa FAA. Segundos del trofeo auton\u00f3mico en 2022, la dupla de Escuder\u00eda Sierra Morena comenz\u00f3 el a\u00f1o con el acelerador pisado a fondo en una prueba marcada por los constantes cambios meteorol\u00f3gicos y la complejidad a la hora de escoger neum\u00e1ticos y ajustar el set-up del coche. Primeros de la Copa FAA, sextos de la Clasificaci\u00f3n General y victoria de grupo, unos resultados y final de rallye inmejorable para abrir un 2023 que promete emociones fuertes.<\/p>\n<p>&nbsp;<\/p>\n<p>\u201cComenzamos el viernes por la noche con el famoso tramo de Olula del R\u00edo, una especial cortita pero matona, con el piso bastante roto y muy t\u00e9cnica, donde marcamos un octavo scratch y nos pusimos al frente de la Copa FAA. Justo antes de salir al tramo empez\u00f3 a llover y llev\u00e1bamos neum\u00e1ticos de seco. A todos nos pill\u00f3 igual\u201d, comentaba Coca al finalizar el rallye.<\/p>\n<p>&nbsp;<\/p>\n<p>El s\u00e1bado cambiaban las previsiones y salieron a la etapa m\u00e1s preparados. El d\u00eda comenzaba con lluvia e hicieron los seis tramos de la ma\u00f1ana con gomas de agua, aunque a partir del cuarto se sec\u00f3 todo. Aun as\u00ed, pudieron lograr mantenerse en novena posici\u00f3n de la General y seguir liderando el trofeo regional. Para salir a la etapa vespertina, \u201ctuvimos que cambiar los neum\u00e1ticos y calzamos los de seco, todo iba perfecto, segu\u00edamos marcando scratchs en la copa y empezamos a escalar puestos en la General hasta llegar a la \u00faltima asistencia. Nos llega la informaci\u00f3n de que podr\u00eda llover en el \u00faltimo tramo pero no tuvimos tiempo de cambiar los neum\u00e1ticos y nos arriesgamos con los de seco. Al llegar a la especial pens\u00e1bamos que todo iba a ir bien porque no llov\u00eda pero, a mitad de tramo, empezaron a caer copos de nieve y el asfalto se puso muy resbaladizo. Fue un final de infarto pero logramos alzarnos con la sexta plaza General y la victoria en nuestra agrupaci\u00f3n y la Copa FAA\u201d.<\/p>\n<p>&nbsp;<\/p>\n<p>Las conclusiones de esta primera toma de contacto con las pruebas que integran el calendario de 2023 fueron \u201cinmejorables\u201d, seg\u00fan el piloto vallesano. \u201cEsperemos que siga la buena racha y logremos un buen resultado el pr\u00f3ximo fin de semana en el Rally-Crono de C\u00f3rdoba donde no estar\u00e1 Luisa a mi derecha sino nuestro mec\u00e1nico, Jos\u00e9 Antonio S\u00e1nchez, quien se estrenar\u00e1 como copiloto. Otra experiencia nueva que espero sea de su agrado\u201d.<\/p>\n<p>&nbsp;<\/p>\n<p>Fotograf\u00eda: JuanGa Rueda (Cultura Racing)<\/p>\n","protected":false},"excerpt":{"rendered":"<p>La dupla de Escuder\u00eda Sierra Morena consigui\u00f3 imponerse entre los participantes del trofeo regional y finalizar en sexta posici\u00f3n de la General el IX Rallye Valle de Almanzora &nbsp; El<\/p>\n","protected":false},"author":2,"featured_media":23030,"comment_status":"open","ping_status":"closed","sticky":false,"template":"","format":"standard","meta":[],"categories":[1],"tags":[136,110,127,41,114,104,30,137,140,33,102,28,32,24,138,94,139],"_links":{"self":[{"href":"https:\/\/escuderiasierramorena.es\/index.php?rest_route=\/wp\/v2\/posts\/23029"}],"collection":[{"href":"https:\/\/escuderiasierramorena.es\/index.php?rest_route=\/wp\/v2\/posts"}],"about":[{"href":"https:\/\/escuderiasierramorena.es\/index.php?rest_route=\/wp\/v2\/types\/post"}],"author":[{"embeddable":true,"href":"https:\/\/escuderiasierramorena.es\/index.php?rest_route=\/wp\/v2\/users\/2"}],"replies":[{"embeddable":true,"href":"https:\/\/escuderiasierramorena.es\/index.php?rest_route=%2Fwp%2Fv2%2Fcomments&post=23029"}],"version-history":[{"count":1,"href":"https:\/\/escuderiasierramorena.es\/index.php?rest_route=\/wp\/v2\/posts\/23029\/revisions"}],"predecessor-version":[{"id":23031,"href":"https:\/\/escuderiasierramorena.es\/index.php?rest_route=\/wp\/v2\/posts\/23029\/revisions\/23031"}],"wp:featuredmedia":[{"embeddable":true,"href":"https:\/\/escuderiasierramorena.es\/index.php?rest_route=\/wp\/v2\/media\/23030"}],"wp:attachment":[{"href":"https:\/\/escuderiasierramorena.es\/index.php?rest_route=%2Fwp%2Fv2%2Fmedia&parent=23029"}],"wp:term":[{"taxonomy":"category","embeddable":true,"href":"https:\/\/escuderiasierramorena.es\/index.php?rest_route=%2Fwp%2Fv2%2Fcategories&post=23029"},{"taxonomy":"post_tag","embeddable":true,"href":"https:\/\/escuderiasierramorena.es\/index.php?rest_route=%2Fwp%2Fv2%2Ftags&post=23029"}],"curies":[{"name":"wp","href":"https:\/\/api.w.org\/{rel}","templated":true}]}}