{"id":22967,"date":"2022-05-29T19:36:44","date_gmt":"2022-05-29T19:36:44","guid":{"rendered":"https:\/\/escuderiasierramorena.es\/?p=22967"},"modified":"2022-05-29T19:40:22","modified_gmt":"2022-05-29T19:40:22","slug":"lopez-y-rozada-asaltan-el-liderato-del-cert-rallycar-en-pozoblanco","status":"publish","type":"post","link":"https:\/\/escuderiasierramorena.es\/?p=22967","title":{"rendered":"L\u00f3pez y Rozada asaltan el liderato de la CERT Rallycar en Pozoblanco"},"content":{"rendered":"<p style=\"text-align: center\"><strong>Su\u00e1rez \u2013 Iglesias y Cach\u00f3n \u2013 Vela finalizan segundos y terceros del certamen nacional<\/strong><\/p>\n<p>&nbsp;<\/p>\n<p>Al igual que hicieron en el Supercampeonato de Espa\u00f1a de Rallyes (S-CER), la pareja formada por Pepe L\u00f3pez y Borja Rozada finalizaron el IX Rallye Ciudad de Pozoblanco en lo m\u00e1s alto del podio de la Copa de Espa\u00f1a de Rallyes de Tierra Rallycar (CERT-Rallycar). Los de Hyundai, que dominaron la prueba cordobesa de cabo a rabo, consiguieron con esta victoria auparse a lo m\u00e1s alto del certamen nacional.<\/p>\n<p>&nbsp;<\/p>\n<p>Jos\u00e9 Antonio \u2018Cohete\u2019 Su\u00e1rez y Alberto Iglesias finalizaron en segunda posici\u00f3n. Un trompo en el primer tramo de El Viso hac\u00eda perder a los asturianos 12 valiosos segundos y los obligaba a remar a contracorriente el resto del d\u00eda. El pinchazo sufrido por Efr\u00e9n Llarena y Sara Fern\u00e1ndez en la cuarta especial de la ma\u00f1ana (El Guijo) y su posterior abandono por la rotura de la bomba de gasolina de su Skoda Fabia Rally2 dejaba el camino libre a los de Recalvi, que se centraron en mantener la segunda plaza y conseguir sus primeros puntos en el S-CER y CERT Rallycar.<\/p>\n<p>&nbsp;<\/p>\n<p>Con Iv\u00e1n Ares y David V\u00e1zquez fuera de la pelea a causa de un vuelco en el primer tramo de la tarde (Alcaracejos-A\u00f1ora), Alejandro Cach\u00f3n y \u00c1ngel Vela pasaron a ocupar la tercera posici\u00f3n de la prueba, que no soltar\u00edan hasta el final del rallye. Para los del Citro\u00ebn Rallye Team, el de Pozoblanco fue un rallye especial al conseguir marcar su primer scratch absoluto y acabar por primera vez en los puestos de gloria del S-CER y CERT Rallycar.<\/p>\n<p>&nbsp;<\/p>\n<p>Alexander Villanueva y V\u00edctor Fererro fueron los mejores entre los habituales del CERT Rallycar. Los de Boyac\u00e1 finalizaron cuartos dentro del certamen de tierra, aventajando a Juan Carlos Quintana en casi 50 segundos. El canario, por su parte, cuajaba una actuaci\u00f3n muy regular y se sacaba la espinita que ten\u00eda clavada desde la pasada edici\u00f3n del Rallye de Pozoblanco donde se ve\u00eda obligado a abandonar tras sufrir un fuerte accidente. A continuaci\u00f3n acabaron Surhayen Pern\u00eda y Alba S\u00e1nchez que se vieron penalizados por un pinchazo en la pen\u00faltima especial que les hac\u00eda perder algo de tiempo y Eduardo Castro \u2013 Fernando Mussano que, para ser su primera participaci\u00f3n en un rallye espa\u00f1ol, realizaban una actuaci\u00f3n m\u00e1s que decente.<\/p>\n<p>&nbsp;<\/p>\n<p>Las 10 primeras posiciones las cerraron Rodrigo Zeballos &#8211; Sebasti\u00e1n Gonz\u00e1lez, Juan Pablo Castro &#8211; Juan Jos\u00e9 Leal y Marcos Canedo \u2013 Miguel \u00c1ngel Vilas. Daniel Alonso y Alejandro \u2018Jandr\u00edn\u2019 L\u00f3pez, que llegaban a Pozoblanco como l\u00edderes del CERT Rallycar, perd\u00edan la primera posici\u00f3n del campeonato al acabar duod\u00e9cimos. Los de Past Racing sufrieron alg\u00fan que otro contratiempo en las duras y t\u00e9cnicas especiales cordobesas que les hac\u00edan perder un buen pu\u00f1ado de segundos y cualquier opci\u00f3n a mantener el liderato.<\/p>\n<p>&nbsp;<\/p>\n<p>En lo relativo a las copas, Jorge Cagiao y Javier Mart\u00ednez eran los mejores entre los 2RM con su Renault Cl\u00edo Rally4; Aritz Iriondo y Joseba S\u00e1nchez consegu\u00edan una nueva victoria en el Desaf\u00edo R2; Pedro \u00c1ngel Blanco y Carlos Gonz\u00e1lez hac\u00edan lo propio en el Desaf\u00edo Proto y Xes\u00fas Alfons\u00edn \u2013 Unai Conde venc\u00edan entre los veh\u00edculos encuadrados en el Desaf\u00edo N3. La victoria en la Copa Kobe fue a para a las manos de Unai Garc\u00eda e Igor Gonz\u00e1lez.<\/p>\n<p>&nbsp;<\/p>\n<p>Tras Lorca, Auga y Pozoblanco, la Copa de Espa\u00f1a de Rallyes de Tierra Rallycar viajar\u00e1 los d\u00edas 10 y 11 de junio hasta tierras castellano leonesas donde se disputar\u00e1 el Rallye Reino de Le\u00f3n.<\/p>\n<p>&nbsp;<\/p>\n<p>Foto: Deportes Pozoblanco.<\/p>\n","protected":false},"excerpt":{"rendered":"<p>Su\u00e1rez \u2013 Iglesias y Cach\u00f3n \u2013 Vela finalizan segundos y terceros del certamen nacional &nbsp; Al igual que hicieron en el Supercampeonato de Espa\u00f1a de Rallyes (S-CER), la pareja formada<\/p>\n","protected":false},"author":2,"featured_media":22968,"comment_status":"open","ping_status":"closed","sticky":false,"template":"","format":"standard","meta":[],"categories":[1],"tags":[88,74,75,77,43,76,71,57,62,73,52,61,56,65,66,85,82,69,67,68,83,81,64,86,72,79,70,28,63,32,58,24,60,84,25,87,78,80],"_links":{"self":[{"href":"https:\/\/escuderiasierramorena.es\/index.php?rest_route=\/wp\/v2\/posts\/22967"}],"collection":[{"href":"https:\/\/escuderiasierramorena.es\/index.php?rest_route=\/wp\/v2\/posts"}],"about":[{"href":"https:\/\/escuderiasierramorena.es\/index.php?rest_route=\/wp\/v2\/types\/post"}],"author":[{"embeddable":true,"href":"https:\/\/escuderiasierramorena.es\/index.php?rest_route=\/wp\/v2\/users\/2"}],"replies":[{"embeddable":true,"href":"https:\/\/escuderiasierramorena.es\/index.php?rest_route=%2Fwp%2Fv2%2Fcomments&post=22967"}],"version-history":[{"count":2,"href":"https:\/\/escuderiasierramorena.es\/index.php?rest_route=\/wp\/v2\/posts\/22967\/revisions"}],"predecessor-version":[{"id":22970,"href":"https:\/\/escuderiasierramorena.es\/index.php?rest_route=\/wp\/v2\/posts\/22967\/revisions\/22970"}],"wp:featuredmedia":[{"embeddable":true,"href":"https:\/\/escuderiasierramorena.es\/index.php?rest_route=\/wp\/v2\/media\/22968"}],"wp:attachment":[{"href":"https:\/\/escuderiasierramorena.es\/index.php?rest_route=%2Fwp%2Fv2%2Fmedia&parent=22967"}],"wp:term":[{"taxonomy":"category","embeddable":true,"href":"https:\/\/escuderiasierramorena.es\/index.php?rest_route=%2Fwp%2Fv2%2Fcategories&post=22967"},{"taxonomy":"post_tag","embeddable":true,"href":"https:\/\/escuderiasierramorena.es\/index.php?rest_route=%2Fwp%2Fv2%2Ftags&post=22967"}],"curies":[{"name":"wp","href":"https:\/\/api.w.org\/{rel}","templated":true}]}}