{"id":22958,"date":"2022-05-27T16:54:36","date_gmt":"2022-05-27T16:54:36","guid":{"rendered":"https:\/\/escuderiasierramorena.es\/?p=22958"},"modified":"2022-05-27T16:54:36","modified_gmt":"2022-05-27T16:54:36","slug":"llarena-y-fernandez-son-los-mas-rapidos-en-el-tramo-de-calificacion-del-ix-rallye-ciudad-de-pozoblanco","status":"publish","type":"post","link":"https:\/\/escuderiasierramorena.es\/?p=22958","title":{"rendered":"Llarena y Fern\u00e1ndez son los m\u00e1s r\u00e1pidos en el tramo de calificaci\u00f3n del IX Rallye Ciudad de Pozoblanco"},"content":{"rendered":"<p style=\"text-align: center\"><strong>Los de MRF Racing ser\u00e1n los primeros en elegir orden de salida<\/strong><\/p>\n<p>&nbsp;<\/p>\n<p>Efr\u00e9n Llarena y Sara Fern\u00e1ndez han comenzado el IX Rallye Ciudad de Pozoblanco marcando la pauta entre los participantes del Supercampeonato de Espa\u00f1a de Rallyes. Los de MRF Racing han sido los m\u00e1s r\u00e1pidos en el tramo de calificaci\u00f3n y tendr\u00e1n prioridad a la hora de elegir orden de salida. Todo apunta a que los actuales l\u00edderes del Campeonato de Europa de Rallyes se decantar\u00e1n por una posici\u00f3n de salida intermedia y, de esta forma, comenzar la jornada de ma\u00f1ana sobre una superficie mucho m\u00e1s limpia.<\/p>\n<p>&nbsp;<\/p>\n<p>El segundo mejor crono fue a parar a los dominios de Jos\u00e9 Antonio \u2018Cohete\u2019 Su\u00e1rez y Alberto Iglesias. Los de Recalvi, que terminaron a menos de un segundo de Llarena-Fer\u00e1ndez, ser\u00e1n los segundos en elegir posici\u00f3n de salida y tras ellos ir\u00e1 Alejandro Cach\u00f3n que, junto a \u00c1ngel Luis Vela, consiguieron el tercer mejor crono. Los l\u00edderes del Supercampeonato, Iv\u00e1n Ares y David V\u00e1zquez, fueron cuartos; justo por delante de Pepe L\u00f3pez y Borja Rozada, Oriol G\u00f3mez y Jos\u00e9 Murado, Surhayen Pern\u00eda y Alba S\u00e1nchez, y Rodrigo Zeballos \u2013 Sebasti\u00e1n Gonz\u00e1lez, que sufrieron una peque\u00f1a salida sin consecuencias.<\/p>\n<p>&nbsp;<\/p>\n<p>Ma\u00f1ana se disputar\u00e1 la jornada decisiva del rallye. Ocho tramos cronometrados distribuidos por los municipios de Pozoblanco, Alcaracejos, El Viso, A\u00f1ora y El Guijo que suman algo m\u00e1s de 100 kil\u00f3metros cronometrados. Esta tarde, a las 20:30, se celebrar\u00e1 la elecci\u00f3n del orden de salida en el Paseo Marcos Redondo de Pozoblanco. Justo despu\u00e9s, a las 21:00, tendr\u00e1 lugar la ceremonia de salida.<\/p>\n","protected":false},"excerpt":{"rendered":"<p>Los de MRF Racing ser\u00e1n los primeros en elegir orden de salida &nbsp; Efr\u00e9n Llarena y Sara Fern\u00e1ndez han comenzado el IX Rallye Ciudad de Pozoblanco marcando la pauta entre<\/p>\n","protected":false},"author":2,"featured_media":22959,"comment_status":"open","ping_status":"closed","sticky":false,"template":"","format":"standard","meta":[],"categories":[1],"tags":[],"_links":{"self":[{"href":"https:\/\/escuderiasierramorena.es\/index.php?rest_route=\/wp\/v2\/posts\/22958"}],"collection":[{"href":"https:\/\/escuderiasierramorena.es\/index.php?rest_route=\/wp\/v2\/posts"}],"about":[{"href":"https:\/\/escuderiasierramorena.es\/index.php?rest_route=\/wp\/v2\/types\/post"}],"author":[{"embeddable":true,"href":"https:\/\/escuderiasierramorena.es\/index.php?rest_route=\/wp\/v2\/users\/2"}],"replies":[{"embeddable":true,"href":"https:\/\/escuderiasierramorena.es\/index.php?rest_route=%2Fwp%2Fv2%2Fcomments&post=22958"}],"version-history":[{"count":1,"href":"https:\/\/escuderiasierramorena.es\/index.php?rest_route=\/wp\/v2\/posts\/22958\/revisions"}],"predecessor-version":[{"id":22960,"href":"https:\/\/escuderiasierramorena.es\/index.php?rest_route=\/wp\/v2\/posts\/22958\/revisions\/22960"}],"wp:featuredmedia":[{"embeddable":true,"href":"https:\/\/escuderiasierramorena.es\/index.php?rest_route=\/wp\/v2\/media\/22959"}],"wp:attachment":[{"href":"https:\/\/escuderiasierramorena.es\/index.php?rest_route=%2Fwp%2Fv2%2Fmedia&parent=22958"}],"wp:term":[{"taxonomy":"category","embeddable":true,"href":"https:\/\/escuderiasierramorena.es\/index.php?rest_route=%2Fwp%2Fv2%2Fcategories&post=22958"},{"taxonomy":"post_tag","embeddable":true,"href":"https:\/\/escuderiasierramorena.es\/index.php?rest_route=%2Fwp%2Fv2%2Ftags&post=22958"}],"curies":[{"name":"wp","href":"https:\/\/api.w.org\/{rel}","templated":true}]}}