{"id":22888,"date":"2022-04-07T11:03:53","date_gmt":"2022-04-07T11:03:53","guid":{"rendered":"https:\/\/escuderiasierramorena.es\/?p=22888"},"modified":"2022-04-07T11:03:53","modified_gmt":"2022-04-07T11:03:53","slug":"el-ix-rallye-ciudad-de-pozoblanco-cuenta-con-ocho-especiales-y-100-kilometros-cronometrados","status":"publish","type":"post","link":"https:\/\/escuderiasierramorena.es\/?p=22888","title":{"rendered":"El IX Rallye Ciudad de Pozoblanco cuenta con ocho especiales y 100 kil\u00f3metros cronometrados"},"content":{"rendered":"<div class=\"kvgmc6g5 cxmmr5t8 oygrvhab hcukyx3x c1et5uql ii04i59q\">\n<div dir=\"auto\">Una vez pasado el Rallye Sierra Morena, nos metemos en faena con nuestra prueba, el IX Rallye Ciudad de Pozoblanco. En este post desvelamos lo que ser\u00e1 la edici\u00f3n de 2022, que volver\u00e1 a tener su centro neur\u00e1lgico en el Recinto Ferial de nuestro pueblo.<\/div>\n<\/div>\n<div class=\"cxmmr5t8 oygrvhab hcukyx3x c1et5uql o9v6fnle ii04i59q\">\n<div dir=\"auto\"><img loading=\"lazy\" class=\" wp-image-22890 aligncenter\" src=\"https:\/\/escuderiasierramorena.es\/wp-content\/uploads\/2022\/04\/277760909_2961355657328352_2882207295618160546_n-212x300.jpeg\" alt=\"\" width=\"326\" height=\"461\" srcset=\"https:\/\/escuderiasierramorena.es\/wp-content\/uploads\/2022\/04\/277760909_2961355657328352_2882207295618160546_n-212x300.jpeg 212w, https:\/\/escuderiasierramorena.es\/wp-content\/uploads\/2022\/04\/277760909_2961355657328352_2882207295618160546_n-723x1024.jpeg 723w, https:\/\/escuderiasierramorena.es\/wp-content\/uploads\/2022\/04\/277760909_2961355657328352_2882207295618160546_n-768x1087.jpeg 768w, https:\/\/escuderiasierramorena.es\/wp-content\/uploads\/2022\/04\/277760909_2961355657328352_2882207295618160546_n.jpeg 848w\" sizes=\"(max-width: 326px) 100vw, 326px\" \/><\/div>\n<div dir=\"auto\">El rallye, que se disputa el 27 y 28 de mayo, comenzar\u00e1 el viernes a las 15:00 con la disputa del shakedown y tramo de calificaci\u00f3n, donde los equipos que lo deseen podr\u00e1n poner sus m\u00e1quinas a punto de cara a los tramos del d\u00eda siguiente. Ya avanzada la tarde, a las 20:30, los equipos prioritarios elegir\u00e1n el orden de salida y, a continuaci\u00f3n, se llevar\u00e1 a cabo la ceremonia de salida en el paseo Marcos Redondo.<\/div>\n<\/div>\n<div class=\"cxmmr5t8 oygrvhab hcukyx3x c1et5uql o9v6fnle ii04i59q\">\n<div dir=\"auto\"><img loading=\"lazy\" class=\" wp-image-22889 aligncenter\" src=\"https:\/\/escuderiasierramorena.es\/wp-content\/uploads\/2022\/04\/277771466_2961355727328345_2264667930648869068_n-213x300.jpeg\" alt=\"\" width=\"312\" height=\"439\" srcset=\"https:\/\/escuderiasierramorena.es\/wp-content\/uploads\/2022\/04\/277771466_2961355727328345_2264667930648869068_n-213x300.jpeg 213w, https:\/\/escuderiasierramorena.es\/wp-content\/uploads\/2022\/04\/277771466_2961355727328345_2264667930648869068_n-726x1024.jpeg 726w, https:\/\/escuderiasierramorena.es\/wp-content\/uploads\/2022\/04\/277771466_2961355727328345_2264667930648869068_n-768x1083.jpeg 768w, https:\/\/escuderiasierramorena.es\/wp-content\/uploads\/2022\/04\/277771466_2961355727328345_2264667930648869068_n.jpeg 851w\" sizes=\"(max-width: 312px) 100vw, 312px\" \/>El s\u00e1bado, a las 7:30, comenzar\u00e1n los tramos cronometrados. El itinerario se divide en dos tramos a dos pasadas cada uno por la ma\u00f1ana y otras dos especiales distintas, tambi\u00e9n a dos pasadas, por la tarde, sumando un total de 100 kil\u00f3metros contra el crono.<\/div>\n<\/div>\n<div class=\"cxmmr5t8 oygrvhab hcukyx3x c1et5uql o9v6fnle ii04i59q\">\n<div dir=\"auto\"><img loading=\"lazy\" class=\" wp-image-22891 aligncenter\" src=\"https:\/\/escuderiasierramorena.es\/wp-content\/uploads\/2022\/04\/277749036_2961355677328350_850310496264243186_n-211x300.jpeg\" alt=\"\" width=\"305\" height=\"434\" srcset=\"https:\/\/escuderiasierramorena.es\/wp-content\/uploads\/2022\/04\/277749036_2961355677328350_850310496264243186_n-211x300.jpeg 211w, https:\/\/escuderiasierramorena.es\/wp-content\/uploads\/2022\/04\/277749036_2961355677328350_850310496264243186_n-722x1024.jpeg 722w, https:\/\/escuderiasierramorena.es\/wp-content\/uploads\/2022\/04\/277749036_2961355677328350_850310496264243186_n.jpeg 846w\" sizes=\"(max-width: 305px) 100vw, 305px\" \/>La entrega de premios est\u00e1 prevista a las 21:30 en el Recinto Ferial donde se pondr\u00e1 el punto y final a esta edici\u00f3n del Rallye Ciudad de Pozoblanco.<\/div>\n<div dir=\"auto\"><\/div>\n<\/div>\n<div class=\"cxmmr5t8 oygrvhab hcukyx3x c1et5uql o9v6fnle ii04i59q\">\n<div dir=\"auto\">Ya est\u00e1 disponible en nuestra web el reglamento de la prueba y algunas informaciones relevantes relacionadas con la misma.<\/div>\n<\/div>\n","protected":false},"excerpt":{"rendered":"<p>Una vez pasado el Rallye Sierra Morena, nos metemos en faena con nuestra prueba, el IX Rallye Ciudad de Pozoblanco. En este post desvelamos lo que ser\u00e1 la edici\u00f3n de<\/p>\n","protected":false},"author":2,"featured_media":22892,"comment_status":"open","ping_status":"closed","sticky":false,"template":"","format":"standard","meta":[],"categories":[1],"tags":[30,28,24,26,25],"_links":{"self":[{"href":"https:\/\/escuderiasierramorena.es\/index.php?rest_route=\/wp\/v2\/posts\/22888"}],"collection":[{"href":"https:\/\/escuderiasierramorena.es\/index.php?rest_route=\/wp\/v2\/posts"}],"about":[{"href":"https:\/\/escuderiasierramorena.es\/index.php?rest_route=\/wp\/v2\/types\/post"}],"author":[{"embeddable":true,"href":"https:\/\/escuderiasierramorena.es\/index.php?rest_route=\/wp\/v2\/users\/2"}],"replies":[{"embeddable":true,"href":"https:\/\/escuderiasierramorena.es\/index.php?rest_route=%2Fwp%2Fv2%2Fcomments&post=22888"}],"version-history":[{"count":1,"href":"https:\/\/escuderiasierramorena.es\/index.php?rest_route=\/wp\/v2\/posts\/22888\/revisions"}],"predecessor-version":[{"id":22893,"href":"https:\/\/escuderiasierramorena.es\/index.php?rest_route=\/wp\/v2\/posts\/22888\/revisions\/22893"}],"wp:featuredmedia":[{"embeddable":true,"href":"https:\/\/escuderiasierramorena.es\/index.php?rest_route=\/wp\/v2\/media\/22892"}],"wp:attachment":[{"href":"https:\/\/escuderiasierramorena.es\/index.php?rest_route=%2Fwp%2Fv2%2Fmedia&parent=22888"}],"wp:term":[{"taxonomy":"category","embeddable":true,"href":"https:\/\/escuderiasierramorena.es\/index.php?rest_route=%2Fwp%2Fv2%2Fcategories&post=22888"},{"taxonomy":"post_tag","embeddable":true,"href":"https:\/\/escuderiasierramorena.es\/index.php?rest_route=%2Fwp%2Fv2%2Ftags&post=22888"}],"curies":[{"name":"wp","href":"https:\/\/api.w.org\/{rel}","templated":true}]}}